{"id":2425,"date":"2019-06-06T14:59:27","date_gmt":"2019-06-06T14:59:27","guid":{"rendered":"http:\/\/www.kanesatake.ca\/wp\/cimetiere-de-pine-hill-questionnaire-et-politique\/"},"modified":"2019-06-06T20:41:13","modified_gmt":"2019-06-06T20:41:13","slug":"cimetiere-de-pine-hill-questionnaire-et-politique","status":"publish","type":"post","link":"https:\/\/www.kanesatake.ca\/wp\/cimetiere-de-pine-hill-questionnaire-et-politique\/?lang=fr","title":{"rendered":"Cimeti\u00e8re de Pine Hill Questionnaire et Politique"},"content":{"rendered":"<p>[et_pb_section bb_built=&#8221;1&#8243;][et_pb_row][et_pb_column type=&#8221;4_4&#8243;][et_pb_text _builder_version=&#8221;3.19.7&#8243; text_font_size=&#8221;20px&#8221; text_letter_spacing=&#8221;2px&#8221; text_line_height=&#8221;1.2em&#8221; header_3_font=&#8221;|700|||||||&#8221; header_3_font_size=&#8221;26px&#8221; header_3_letter_spacing=&#8221;2px&#8221; header_3_line_height=&#8221;1.2em&#8221;]<\/p>\n<p>Bonjour Kanehsatake<\/p>\n<p>Il me fait plaisir d&#8217;annoncer que les Affaires Autochtones du Nord Canada a approuv\u00e9 la Phase II pour l&#8217;Am\u00e9nagement du Territoire de Kanesatake.<\/p>\n<p>L&#8217;initiative de la Phase II sera focuss\u00e9 sur le Cimeti\u00e8re de Pine Hill. Depuis les dix derni\u00e8res ann\u00e9es, j&#8217;ai estim\u00e9 que le Cimeti\u00e8re sera \u00e0 pleine capacit\u00e9 dans quelques ann\u00e9es \u00e0 peine, et que des mesures doivent \u00eatre prises pour addresser cette probl\u00e9matique.<\/p>\n<p>Soyez avis\u00e9 que des arpenteurs, contracteurs, les travaux publics et le d\u00e9partement des terres seront sur place pour \u00e9valuer les besoins du cimeti\u00e8re.<\/p>\n<p>J&#8217;invite tous les membres de la communaut\u00e9 \u00e0 participer aux sessions d&#8217;information futures, aux questionnaires et \u00e0 des visites \u00e0 domicile si n\u00e9cessaire. Veuillez ainsi prendre connaissance de la documentation que est inclue dans cet envoi et si vous avez des questions, il me fera plaisir de les adresser.<\/p>\n<p>Bien \u00e0 vous,<\/p>\n<p>Amanda Simon, Gestionnaire des Terres et Successions<\/p>\n<p>Veuillez t\u00e9l\u00e9charger de plus ample information et j&#8217;appr\u00e9cierais si vous compl\u00e9tiez le questionnaire inclus et me le retourniez par courriel \u00e0: simon.amanda@kanesatake.ca.\u00a0 Tout retour d&#8217;information est appr\u00e9ci\u00e9. Les fili\u00e8res num\u00e9ris\u00e9es ont un bouton &#8216;courriel&#8217;, si vous cliquer sur celui-ci, il devrait ouvrir votre courriel et y attacher le questionnaire automatiquement, tout ce qu&#8217;il vous reste \u00e0 faire est de cliquer sur &#8216;envoyer&#8217;.<\/p>\n<p><a href=\"https:\/\/www.kanesatake.ca\/wp\/wp-content\/uploads\/2019\/06\/FRENCH-Strategy.workplan.ccp_.2019.pdf\" target=\"_blank\" rel=\"noopener noreferrer\">\u00c9bauche de politique &#8211; pour discussion seulement<\/a><\/p>\n<p><a href=\"https:\/\/www.kanesatake.ca\/wp\/wp-content\/uploads\/2019\/06\/FR-CCP.survey.questions-1.pdf\">Bulletin et Questionnaire<\/a><\/p>\n<p><a href=\"https:\/\/www.kanesatake.ca\/wp\/wp-content\/uploads\/2019\/06\/FR-LUP-work-plan-no-budget.pdf\" target=\"_blank\" rel=\"noopener noreferrer\">Plan de Travail<\/a><\/p>\n<p>[\/et_pb_text][et_pb_comments _builder_version=&#8221;3.19.7&#8243; \/][\/et_pb_column][\/et_pb_row][\/et_pb_section]<\/p>\n","protected":false},"excerpt":{"rendered":"<p><div class=\"et_pb_row et_pb_row_0 et_pb_row_empty\">\n\t\t\t\t\n\t\t\t\t\n\t\t\t\t\n\t\t\t\t\n\t\t\t\t\n\t\t\t<\/div> Bonjour KanehsatakeIl me fait plaisir d&#8217;annoncer que les Affaires Autochtones du Nord Canada a approuv\u00e9 la Phase II pour l&#8217;Am\u00e9nagement du Territoire de Kanesatake.L&#8217;initiative de la Phase II sera focuss\u00e9 sur le Cimeti\u00e8re de Pine Hill. Depuis les dix derni\u00e8res ann\u00e9es, j&#8217;ai estim\u00e9 que le Cimeti\u00e8re sera \u00e0 pleine capacit\u00e9 dans quelques ann\u00e9es \u00e0 [&hellip;]<\/p>\n","protected":false},"author":1,"featured_media":2340,"comment_status":"open","ping_status":"open","sticky":false,"template":"","format":"standard","meta":{"_acf_changed":false,"_et_pb_use_builder":"on","_et_pb_old_content":"","_et_gb_content_width":"","footnotes":""},"categories":[75],"tags":[],"class_list":["post-2425","post","type-post","status-publish","format-standard","has-post-thumbnail","hentry","category-leplanification-de-lamenagement-du-territoire","et-has-post-format-content","et_post_format-et-post-format-standard"],"acf":[],"_links":{"self":[{"href":"https:\/\/www.kanesatake.ca\/wp\/wp-json\/wp\/v2\/posts\/2425","targetHints":{"allow":["GET"]}}],"collection":[{"href":"https:\/\/www.kanesatake.ca\/wp\/wp-json\/wp\/v2\/posts"}],"about":[{"href":"https:\/\/www.kanesatake.ca\/wp\/wp-json\/wp\/v2\/types\/post"}],"author":[{"embeddable":true,"href":"https:\/\/www.kanesatake.ca\/wp\/wp-json\/wp\/v2\/users\/1"}],"replies":[{"embeddable":true,"href":"https:\/\/www.kanesatake.ca\/wp\/wp-json\/wp\/v2\/comments?post=2425"}],"version-history":[{"count":3,"href":"https:\/\/www.kanesatake.ca\/wp\/wp-json\/wp\/v2\/posts\/2425\/revisions"}],"predecessor-version":[{"id":2445,"href":"https:\/\/www.kanesatake.ca\/wp\/wp-json\/wp\/v2\/posts\/2425\/revisions\/2445"}],"wp:featuredmedia":[{"embeddable":true,"href":"https:\/\/www.kanesatake.ca\/wp\/wp-json\/wp\/v2\/media\/2340"}],"wp:attachment":[{"href":"https:\/\/www.kanesatake.ca\/wp\/wp-json\/wp\/v2\/media?parent=2425"}],"wp:term":[{"taxonomy":"category","embeddable":true,"href":"https:\/\/www.kanesatake.ca\/wp\/wp-json\/wp\/v2\/categories?post=2425"},{"taxonomy":"post_tag","embeddable":true,"href":"https:\/\/www.kanesatake.ca\/wp\/wp-json\/wp\/v2\/tags?post=2425"}],"curies":[{"name":"wp","href":"https:\/\/api.w.org\/{rel}","templated":true}]}}